{"id":4282,"date":"2019-11-06T10:40:00","date_gmt":"2019-11-06T09:40:00","guid":{"rendered":"https:\/\/blog.eauforte.org\/?p=4282"},"modified":"2024-06-26T10:56:52","modified_gmt":"2024-06-26T08:56:52","slug":"leffet-papillon-de-la-penitence","status":"publish","type":"post","link":"https:\/\/blog.eauforte.org\/index.php\/2019\/11\/06\/leffet-papillon-de-la-penitence\/","title":{"rendered":"L&#8217;effet papillon de la p\u00e9nitence"},"content":{"rendered":"\t\t<div data-elementor-type=\"wp-post\" data-elementor-id=\"4282\" class=\"elementor elementor-4282\">\n\t\t\t\t<div class=\"elementor-element elementor-element-8a8de5e e-flex e-con-boxed e-con e-parent\" data-id=\"8a8de5e\" data-element_type=\"container\" data-e-type=\"container\">\n\t\t\t\t\t<div class=\"e-con-inner\">\n\t\t\t\t<div class=\"elementor-element elementor-element-649427c elementor-widget elementor-widget-text-editor\" data-id=\"649427c\" data-element_type=\"widget\" data-e-type=\"widget\" data-widget_type=\"text-editor.default\">\n\t\t\t\t<div class=\"elementor-widget-container\">\n\t\t\t\t\t\t\t\t\t<p class=\"has-text-color\">Nous sommes tous responsables de l\u2019\u00e9tat de notre monde. C\u2019est pourquoi, nous devons prendre conscience que tout ce que nous faisons de n\u00e9gatif ou de positif a une incidence sur l\u2019humanit\u00e9. Le mal que nous engendrons frappe au hasard. Il cr\u00e9e, au hasard, des accidents, des maladies, des morts. Par contre, le\u00a0<em>Bien<\/em>\u00a0que nous g\u00e9n\u00e9rons ouvre une infinit\u00e9 de possibilit\u00e9s, de fa\u00e7ons de vivre heureux dans l\u2019amour, la g\u00e9n\u00e9rosit\u00e9, la paix, la redistribution de notre terre entre tous les hommes.<\/p><p class=\"has-text-color\">Donc, la vraie crise existentielle est humaine\u00a0: c\u2019est la crise de l\u2019homme.<\/p><p class=\"has-text-color\">Alors posons-nous la question\u00a0: Quel est l\u2019essentiel de nos vies?<\/p><p class=\"has-text-color\">Que voulons-nous \u00eatre pour nos fr\u00e8res humains, pour nous-m\u00eame, pour les g\u00e9n\u00e9rations \u00e0 venir?<\/p><p class=\"has-text-color\">Qui n\u2019aspire pas au bonheur, \u00e0 la pl\u00e9nitude, \u00e0 la paix, \u00e0 l\u2019amour? Ce potentiel de bonheur est en nous, m\u00eame enfoui sous les couches \u00e9paisses du p\u00e9ch\u00e9, des violences qu\u2019engendrent les pr\u00e9jug\u00e9s, les peurs, les col\u00e8res, la b\u00eatise et l\u2019ignorance, l\u2019ego, etc. Oui, nous d\u00e9tenons, chacun d\u2019entre nous, les cl\u00e9s du bonheur.<\/p><p class=\"has-text-color\"><strong>Mais comment?<\/strong><\/p><p class=\"has-text-color\">Nous pouvons r\u00e9instaurer le bonheur sur terre en accomplissant le\u00a0<em>Bien.\u00a0<\/em>Ce\u00a0<em>Bien<\/em>\u00a0d\u00e9multipli\u00e9, ce\u00a0<em>Bien<\/em>\u00a0qui se transmet d\u2019un homme \u00e0 un autre homme et ainsi de suite, agit de fa\u00e7on b\u00e9n\u00e9fique, dans le monde visible et invisible, sauve des vies, \u00e9vite le pire.<\/p><p class=\"has-text-color\">L\u2019humanit\u00e9 a oubli\u00e9 la part la plus belle de son Histoire qui est la p\u00e9riode o\u00f9 Adam, c\u2019est-\u00e0-dire le peuple adamique, avait conscience de son identit\u00e9 spirituelle et vivait dans l\u2019accomplissement de celle-ci.<\/p><p class=\"has-text-color\"><strong>Il est n\u00e9cessaire de r\u00e9introduire la vertu dans nos c\u0153urs, parce qu\u2019elle est le pr\u00e9alable de tout projet social de bonheur.<\/strong>\u00a0La vertu, c\u2019est le Cr\u00e9ateur, la\u00a0<em>Vie<\/em>\u00a0en soi. La vertu n\u2019a pas de sens hors de ce contexte. La vertu, c\u2019est l\u2019amour pour tous les humains, la paix, le pardon inconditionnel\u00a0<em>(30\/10).\u00a0<\/em>C\u2019est se lib\u00e9rer totalement de tous ses pr\u00e9jug\u00e9s et de ses peurs. C\u2019est enfin, retrouver\u00a0<em>l\u2019intelligence<\/em>\u00a0spirituelle de son c\u0153ur.<\/p><p class=\"has-text-color\">\u00catre vertueux, c\u2019est se cr\u00e9er une\u00a0<em>\u00e2me<\/em>\u00a0parce que<em>\u00a0<strong>l\u2019\u00e2me<\/strong><\/em><strong>\u00a0na\u00eet toujours du travail du\u00a0<em>Bien<\/em>\u00a0<em>accompli<\/em><\/strong>\u00a0qui divinise et \u00e9ternise l\u2019humain.<em>\u00a0<\/em><strong>Cette\u00a0<\/strong><em><strong>\u00e2me<\/strong><\/em><strong>\u00a0qui est aussi invisible mais aussi r\u00e9elle que la force ou la gravitation<em>.<\/em><\/strong><\/p><p class=\"has-text-color\"><em>L\u2019\u00e2me\u00a0<\/em>ou<em>\u00a0l\u2019ha,<\/em>\u00a0dit\u00a0<em>La R\u00e9v\u00e9lation d\u2019Ar\u00e8s<\/em>, c\u2019est l\u2019organe \u00e9l\u00e9vateur g\u00e9n\u00e9r\u00e9 dans l\u2019homme comme le cocon g\u00e9n\u00e8re l\u2019\u00eatre ail\u00e9 de la chenille rampante. Mais \u00e0 la diff\u00e9rence du papillon inconsciemment g\u00e9n\u00e9r\u00e9 dans le cocon par la loi de son esp\u00e8ce<strong><em>, l\u2019ha<\/em>\u00a0est une cr\u00e9ation consciente de l\u2019homme, du\u00a0<em>fr\u00e8re<\/em><\/strong><em>. L\u2019ha<\/em>\u00a0est le r\u00e9sultat d\u2019un effort constant de construction, d\u2019entretien et d\u2019am\u00e9lioration de\u00a0<em>l\u2019homme du temps qui vient (30\/13).<\/em>\u00a0Autrement dit,\u00a0<em>l\u2019<\/em><em>ha<\/em>\u00a0est existentielle.<\/p><p class=\"has-text-color\">\u00catre vertueux, c\u2019est renoncer personnellement aux p\u00e9ch\u00e9s du monde, mais c\u2019est \u00e9galement ne pas accepter que le monde y demeure soumis. C\u2019est par l\u2019exemplarit\u00e9 de la\u00a0<em>p\u00e9nitence<\/em>, la recherche d\u2019autres humains \u00e0 faire de m\u00eame, par des actions belles et g\u00e9n\u00e9reuses dans le bonheur et les joies de la vie que nous entra\u00eenerons l\u2019humanit\u00e9, au fil des g\u00e9n\u00e9rations, \u00e0\u00a0<strong>redonner VIE \u00e0 \u00c9den.<\/strong><\/p><p class=\"has-text-color has-very-dark-gray-color\"><strong>C\u2019est cela l\u2019effet papillon de la p\u00e9nitence.<\/strong><\/p><p class=\"has-text-color\">Le Cr\u00e9ateur de l\u2019Univers ne nous appelle pas \u00e0 \u00eatre mieux que rien\u00a0; de cela le monde est d\u00e9j\u00e0 capable. Il nous appelle \u00e0 \u00eatre sublimes, \u00e0 \u00eatre des\u00a0<em>Dieux (2\/13).<\/em><\/p>\t\t\t\t\t\t\t\t<\/div>\n\t\t\t\t<\/div>\n\t\t\t\t\t<\/div>\n\t\t\t\t<\/div>\n\t\t<div class=\"elementor-element elementor-element-d8bb1f4 e-flex e-con-boxed e-con e-parent\" data-id=\"d8bb1f4\" data-element_type=\"container\" data-e-type=\"container\">\n\t\t\t\t\t<div class=\"e-con-inner\">\n\t\t\t\t<div class=\"elementor-element elementor-element-338b6cd elementor-widget elementor-widget-text-editor\" data-id=\"338b6cd\" data-element_type=\"widget\" data-e-type=\"widget\" data-widget_type=\"text-editor.default\">\n\t\t\t\t<div class=\"elementor-widget-container\">\n\t\t\t\t\t\t\t\t\t<p><strong>Il y a une magnifique esp\u00e9rance donn\u00e9e par le Message de&nbsp;<\/strong><em><strong>La R\u00e9v\u00e9lation d\u2019Ar\u00e8s,<\/strong><\/em><strong>&nbsp;<br>et cette esp\u00e9rance, c\u2019est toi, c\u2019est moi, c\u2019est nous, les humains.<\/strong><\/p>\t\t\t\t\t\t\t\t<\/div>\n\t\t\t\t<\/div>\n\t\t\t\t\t<\/div>\n\t\t\t\t<\/div>\n\t\t\t\t<\/div>\n\t\t","protected":false},"excerpt":{"rendered":"<p>Nous sommes tous responsables de l\u2019\u00e9tat de notre monde. C\u2019est pourquoi, nous devons prendre conscience que tout ce que nous faisons de n\u00e9gatif ou de positif a une incidence sur l\u2019humanit\u00e9. Le mal que nous engendrons frappe au hasard. Il cr\u00e9e, au hasard, des accidents, des maladies, des morts. Par contre, le\u00a0Bien\u00a0que nous g\u00e9n\u00e9rons ouvre [&hellip;]<\/p>\n","protected":false},"author":1,"featured_media":4283,"comment_status":"closed","ping_status":"open","sticky":false,"template":"","format":"video","meta":{"_monsterinsights_skip_tracking":false,"_monsterinsights_sitenote_active":false,"_monsterinsights_sitenote_note":"","_monsterinsights_sitenote_category":0,"footnotes":""},"categories":[71],"tags":[],"class_list":["post-4282","post","type-post","status-publish","format-video","has-post-thumbnail","hentry","category-changement-personnel","post_format-post-format-video"],"aioseo_notices":[],"_links":{"self":[{"href":"https:\/\/blog.eauforte.org\/index.php\/wp-json\/wp\/v2\/posts\/4282","targetHints":{"allow":["GET"]}}],"collection":[{"href":"https:\/\/blog.eauforte.org\/index.php\/wp-json\/wp\/v2\/posts"}],"about":[{"href":"https:\/\/blog.eauforte.org\/index.php\/wp-json\/wp\/v2\/types\/post"}],"author":[{"embeddable":true,"href":"https:\/\/blog.eauforte.org\/index.php\/wp-json\/wp\/v2\/users\/1"}],"replies":[{"embeddable":true,"href":"https:\/\/blog.eauforte.org\/index.php\/wp-json\/wp\/v2\/comments?post=4282"}],"version-history":[{"count":7,"href":"https:\/\/blog.eauforte.org\/index.php\/wp-json\/wp\/v2\/posts\/4282\/revisions"}],"predecessor-version":[{"id":4290,"href":"https:\/\/blog.eauforte.org\/index.php\/wp-json\/wp\/v2\/posts\/4282\/revisions\/4290"}],"wp:featuredmedia":[{"embeddable":true,"href":"https:\/\/blog.eauforte.org\/index.php\/wp-json\/wp\/v2\/media\/4283"}],"wp:attachment":[{"href":"https:\/\/blog.eauforte.org\/index.php\/wp-json\/wp\/v2\/media?parent=4282"}],"wp:term":[{"taxonomy":"category","embeddable":true,"href":"https:\/\/blog.eauforte.org\/index.php\/wp-json\/wp\/v2\/categories?post=4282"},{"taxonomy":"post_tag","embeddable":true,"href":"https:\/\/blog.eauforte.org\/index.php\/wp-json\/wp\/v2\/tags?post=4282"}],"curies":[{"name":"wp","href":"https:\/\/api.w.org\/{rel}","templated":true}]}}