{"id":4330,"date":"2022-05-01T11:18:00","date_gmt":"2022-05-01T09:18:00","guid":{"rendered":"https:\/\/blog.eauforte.org\/?p=4330"},"modified":"2024-06-26T11:20:01","modified_gmt":"2024-06-26T09:20:01","slug":"ouvrez-vous-a-la-vie-comme-la-fleur-souvre-au-soleil","status":"publish","type":"post","link":"https:\/\/blog.eauforte.org\/index.php\/2022\/05\/01\/ouvrez-vous-a-la-vie-comme-la-fleur-souvre-au-soleil\/","title":{"rendered":"Ouvrez-vous \u00e0 la vie comme la fleur s&#8217;ouvre au soleil !"},"content":{"rendered":"\t\t<div data-elementor-type=\"wp-post\" data-elementor-id=\"4330\" class=\"elementor elementor-4330\">\n\t\t\t\t<div class=\"elementor-element elementor-element-a819d24 e-flex e-con-boxed e-con e-parent\" data-id=\"a819d24\" data-element_type=\"container\" data-e-type=\"container\">\n\t\t\t\t\t<div class=\"e-con-inner\">\n\t\t\t\t<div class=\"elementor-element elementor-element-e26a4c6 elementor-widget elementor-widget-text-editor\" data-id=\"e26a4c6\" data-element_type=\"widget\" data-e-type=\"widget\" data-widget_type=\"text-editor.default\">\n\t\t\t\t<div class=\"elementor-widget-container\">\n\t\t\t\t\t\t\t\t\t<p class=\"has-black-color has-text-color\">La cr\u00e9ation ne surgit que d\u2019un seul contexte: la\u00a0<em><strong>VIE,\u00a0<\/strong><\/em>qu\u2019on appelle aussi Dieu, l\u2019\u00c9ternel, Yahv\u00e9, le P\u00e8re, le Tr\u00e8s-Haut, Allah, Brahma, etc.\u00a0La\u00a0<em>Vie<\/em>, qui est\u00a0<em>\u00e9tal\u00e9e (R\u00e9v d\u2019Ar\u00e8s, ii\/4),\u00a0<\/em>se trouve dans le plus minuscule micro-organisme, au fond de chacun d\u2019entre nous dans tous nos atomes, et en m\u00eame temps dans\u00a0l\u2019infini. Tout a toujours exist\u00e9, sous de multiples formes, dont nous n\u2019avons m\u00eame pas id\u00e9e.<\/p><p class=\"has-black-color has-text-color\">L\u2019\u00catre absolu, c\u2019est Dieu + Sa Puissance + le Produit de Sa Puissance. Le Tout. On ne peut dissocier le\u00a0<em>P\u00e8re<\/em>\u00a0de\u00a0<em>l\u2019Univers<\/em>\u00a0qu\u2019Il a cr\u00e9\u00e9<em>. C<\/em>\u2018est\u00a0l\u2019Infini\u00a0de la\u00a0<em>Vie<\/em>\u00a0qui cr\u00e9e et qui est cr\u00e9\u00e9e. C\u2019est le\u00a0<em>Cr\u00e9ateur<\/em>\u00a0et Sa Cr\u00e9ation,\u00a0<em>l\u2019Univers.<\/em><\/p><p>\u00a0<\/p><p class=\"has-black-color has-text-color\">Le Cri de Dieu lanc\u00e9 des confins sans fin de\u00a0<em>l\u2019Univers<\/em>\u00a0vient r\u00e9veiller l\u2019humain \u00e0 sa nature divine. Toute\u00a0<strong><em>La R\u00e9v\u00e9lation d\u2019Ar\u00e8s<\/em>\u00a0<\/strong>est anim\u00e9e par l\u2019invitation faite \u00e0 l\u2019homme, des possibilit\u00e9s\u00a0qu\u2019il a, de quitter le concept du Dieu super-<em>Roi,<\/em>\u00a0super-<em>Juge,<\/em>\u00a0super D\u00e9cideur, qui planerait au-dessus des humains et serait leur\u00a0<em>Ma\u00eetre.<\/em>\u00a0Ce Dieu-l\u00e0 n\u2019existe pas! Ce qui existe, c\u2019est\u00a0la\u00a0<em>Vie (R\u00e9v. d\u2019Ar\u00e8s, 24\/3-5<\/em>).\u00a0La\u00a0<em>Vie<\/em>\u00a0qui ouvre devant l\u2019humanit\u00e9 une prodigieuse voie d\u2019\u00e9vasion vers le\u00a0<em>Bien,<\/em>\u00a0vers la racine de l\u2019\u00c9ternit\u00e9. La\u00a0<em>Vie<\/em>\u00a0et tout ce qui \u00e9mane d\u2019Elle \u00e0\u00a0l\u2019infini.<\/p><p class=\"has-black-color has-text-color\">Le\u00a0<em>Cr\u00e9ateur de l\u2019Univers<\/em>\u00a0nous emporte \u00e0 un autre \u00e9tage du concept du Tout ou de l\u2019\u00catre que sont les\u00a0<em>Saintet\u00e9, Puissance et Lumi\u00e8re.<\/em>\u00a0Il nous propose une mani\u00e8re lib\u00e9ratrice de penser, de consid\u00e9rer, d\u2019envisager, de r\u00e9fl\u00e9chir, de voir et de conjecturer forc\u00e9ment autrement que ce qu\u2019on a fait jusqu\u2019alors. Dans une direction qui, parce qu\u2019elle est large et lib\u00e9ratrice, diff\u00e8re des habituelles prescriptions \u00e9troites dans lesquelles nous sommes enferm\u00e9s.<\/p><p class=\"has-black-color has-text-color\">Il nous faut enfin nous d\u00e9cider \u00e0 faire le grand plongeon pour retrouver la\u00a0<em>Lumi\u00e8re (R\u00e9v d\u2019Ar\u00e8s, 12\/4)\u00a0<\/em>et faire retrouver son enti\u00e8ret\u00e9 \u00e0\u00a0<em>l\u2019Univers.<\/em>\u00a0<em>Retrouver la Vie (R\u00e9v d\u2019Ar\u00e8s,\u00a024\/5),<\/em>\u00a0c\u2019est retrouver\u00a0l\u2019Amour par la\u00a0<em>p\u00e9nitence<\/em>\u00a0nous dit le Tout Autre. T\u00e2che enti\u00e8rement laiss\u00e9e \u00e0 la volont\u00e9 de l\u2019homme, parce qu\u2019il a \u00e9t\u00e9 cr\u00e9\u00e9\u00a0<em>libre (R\u00e9v d\u2019Ar\u00e8s,\u00a010\/10),\u00a0<\/em>qu\u2019il ne peut exister que\u00a0<em>libre.\u00a0<\/em><\/p><p class=\"has-black-color has-text-color\">Alors, si je suis ce que le monde fait de moi, je ne\u00a0suis\u00a0pas, c\u2019est le\u00a0monde\u00a0qui est<em>.\u00a0<\/em>Le monde\u00a0alt\u00e9rable et destructible.<br \/>Si je suis\u00a0<em>l\u2019Enfant (R\u00e9v d\u2019Ar\u00e8s, 13\/5)<\/em>\u00a0du\u00a0<em>P\u00e8re-M\u00e8re\u00a0<\/em>de\u00a0<em>retour<\/em>\u00a0vers\u00a0<em>moi (R\u00e9v d\u2019Ar\u00e8s,\u00a0viii\/6),<\/em>\u00a0je suis l\u2019\u00eatre qui retournera \u00e0 l\u2019\u00catre absolu. Je suis\u00a0<strong><em>libre.<\/em><\/strong><\/p>\t\t\t\t\t\t\t\t<\/div>\n\t\t\t\t<\/div>\n\t\t\t\t\t<\/div>\n\t\t\t\t<\/div>\n\t\t\t\t<\/div>\n\t\t","protected":false},"excerpt":{"rendered":"<p>La cr\u00e9ation ne surgit que d\u2019un seul contexte: la\u00a0VIE,\u00a0qu\u2019on appelle aussi Dieu, l\u2019\u00c9ternel, Yahv\u00e9, le P\u00e8re, le Tr\u00e8s-Haut, Allah, Brahma, etc.\u00a0La\u00a0Vie, qui est\u00a0\u00e9tal\u00e9e (R\u00e9v d\u2019Ar\u00e8s, ii\/4),\u00a0se trouve dans le plus minuscule micro-organisme, au fond de chacun d\u2019entre nous dans tous nos atomes, et en m\u00eame temps dans\u00a0l\u2019infini. Tout a toujours exist\u00e9, sous de multiples formes, [&hellip;]<\/p>\n","protected":false},"author":1,"featured_media":0,"comment_status":"closed","ping_status":"open","sticky":false,"template":"","format":"video","meta":{"_monsterinsights_skip_tracking":false,"_monsterinsights_sitenote_active":false,"_monsterinsights_sitenote_note":"","_monsterinsights_sitenote_category":0,"footnotes":""},"categories":[84],"tags":[],"class_list":["post-4330","post","type-post","status-publish","format-video","hentry","category-unicite","post_format-post-format-video"],"aioseo_notices":[],"_links":{"self":[{"href":"https:\/\/blog.eauforte.org\/index.php\/wp-json\/wp\/v2\/posts\/4330","targetHints":{"allow":["GET"]}}],"collection":[{"href":"https:\/\/blog.eauforte.org\/index.php\/wp-json\/wp\/v2\/posts"}],"about":[{"href":"https:\/\/blog.eauforte.org\/index.php\/wp-json\/wp\/v2\/types\/post"}],"author":[{"embeddable":true,"href":"https:\/\/blog.eauforte.org\/index.php\/wp-json\/wp\/v2\/users\/1"}],"replies":[{"embeddable":true,"href":"https:\/\/blog.eauforte.org\/index.php\/wp-json\/wp\/v2\/comments?post=4330"}],"version-history":[{"count":4,"href":"https:\/\/blog.eauforte.org\/index.php\/wp-json\/wp\/v2\/posts\/4330\/revisions"}],"predecessor-version":[{"id":4335,"href":"https:\/\/blog.eauforte.org\/index.php\/wp-json\/wp\/v2\/posts\/4330\/revisions\/4335"}],"wp:attachment":[{"href":"https:\/\/blog.eauforte.org\/index.php\/wp-json\/wp\/v2\/media?parent=4330"}],"wp:term":[{"taxonomy":"category","embeddable":true,"href":"https:\/\/blog.eauforte.org\/index.php\/wp-json\/wp\/v2\/categories?post=4330"},{"taxonomy":"post_tag","embeddable":true,"href":"https:\/\/blog.eauforte.org\/index.php\/wp-json\/wp\/v2\/tags?post=4330"}],"curies":[{"name":"wp","href":"https:\/\/api.w.org\/{rel}","templated":true}]}}