{"id":4336,"date":"2022-05-04T11:20:00","date_gmt":"2022-05-04T09:20:00","guid":{"rendered":"https:\/\/blog.eauforte.org\/?p=4336"},"modified":"2024-06-26T11:23:13","modified_gmt":"2024-06-26T09:23:13","slug":"nous-sommes-les-miroirs-de-la-vie-eternelle","status":"publish","type":"post","link":"https:\/\/blog.eauforte.org\/index.php\/2022\/05\/04\/nous-sommes-les-miroirs-de-la-vie-eternelle\/","title":{"rendered":"Nous sommes les miroirs de la &#8220;Vie&#8221; \u00e9ternelle"},"content":{"rendered":"\t\t<div data-elementor-type=\"wp-post\" data-elementor-id=\"4336\" class=\"elementor elementor-4336\">\n\t\t\t\t<div class=\"elementor-element elementor-element-6764b8c e-flex e-con-boxed e-con e-parent\" data-id=\"6764b8c\" data-element_type=\"container\" data-e-type=\"container\">\n\t\t\t\t\t<div class=\"e-con-inner\">\n\t\t\t\t<div class=\"elementor-element elementor-element-9345ead elementor-widget elementor-widget-text-editor\" data-id=\"9345ead\" data-element_type=\"widget\" data-e-type=\"widget\" data-widget_type=\"text-editor.default\">\n\t\t\t\t<div class=\"elementor-widget-container\">\n\t\t\t\t\t\t\t\t\t<p class=\"has-black-color has-text-color\">De par notre origine, nous avons le pouvoir de redonner VIE \u00e0 l\u2019\u00catre (Dieu) qui vit en chacun de nous. Nous sommes les\u00a0<em>images et ressemblances<\/em>\u00a0de cette\u00a0<em>Vie<\/em>\u00a0qui est dans l\u2019espace infini, sur terre, comme dans les galaxies innombrables. Elle est le\u00a0<em>Souffle,<\/em>\u00a0le\u00a0<em>Vent,<\/em>\u00a0la\u00a0<em>Puissance,<\/em>\u00a0la\u00a0<em>Saintet\u00e9<\/em>\u00a0et la\u00a0<em>Lumi\u00e8re,\u00a0<\/em>et nous aussi sommes les\u00a0<em>reflets (R\u00e9v d\u2019Ar\u00e8s, 27\/6)<\/em>\u00a0par milliards de tout \u00e7a. Notre nature, \u00e9troitement li\u00e9e \u00e0 la nature de\u00a0<em>l\u2019Univers<\/em>, est r\u00e9gie par la m\u00eame Raison.\u00a0Cet\u00a0<em>Univers<\/em>\u00a0qui fonctionne \u00e0 partir d\u2019une \u00e9nergie indestructible, qu\u2019elle soit trouv\u00e9e dans la mati\u00e8re ou dans la raison ou logos, est \u00e9nergie de\u00a0<em>l\u2019Amour. L\u2019Amour\u00a0<\/em>qui a le r\u00f4le fondamental de tout.<em>\u00a0L\u2019Amour\u00a0<\/em>qui est la structure de base qui tient\u00a0<em>l\u2019Univers<\/em>\u00a0en \u00e9quilibre jusqu\u2019aux plus lointaines galaxies. Cet\u00a0<em>Amour<\/em>\u00a0est une\u00a0<em>Force<\/em>\u00a0incommensurable dont chaque vivant est un fragment actif. \u00a0Nous sommes bien participants de l\u2019\u00e9nergie cr\u00e9atrice globale.<\/p><p class=\"has-black-color has-text-color\">Par\u00a0<strong><em>La R\u00e9v\u00e9lation d\u2019Ar\u00e8s,<\/em><\/strong>\u00a0le Tout Autre, nous\u00a0rappelle l\u2019extr\u00eame simplicit\u00e9 du syst\u00e8me logique de\u00a0<em>l\u2019Univers<\/em>\u00a0:\u00a0<em>L\u2019Amour,<\/em>\u00a0la\u00a0<em>Vertu,<\/em>\u00a0le\u00a0<em>Bien\u00a0<\/em>qui s\u2019agglom\u00e8rent pour en former la base fertile et p\u00e9renne.<\/p><p class=\"has-black-color has-text-color\">Dieu nous appelle \u00e0 faire tomber le mur qui nous cl\u00f4t les yeux et les oreilles. Parce que nous vivons dans un monde o\u00f9 l\u2019homme perd le sens de ce qu\u2019il est lui-m\u00eame, l\u2019humain doit se d\u00e9livrer des\u00a0<em>dominateurs<\/em>\u00a0et des camisoles qu\u2019ils lui pr\u00e9parent, mais surtout et par-dessus tout, se d\u00e9livrer de lui-m\u00eame, retrouver son identit\u00e9 originelle. Il y a un formidable espoir pour ce tout petit, vraiment minuscule monde, dans l\u2019immensit\u00e9 de\u00a0<em>l\u2019Univers<\/em>. Et cet espoir d\u00e9pend de peu de chose :\u00a0<em>aimer \u00e0 l\u2019infini, pardonner sans conditions, faire la paix toujours,<\/em>\u00a0avoir\u00a0<em>l\u2019intelligence lib\u00e9r\u00e9e<\/em>\u00a0de ses pr\u00e9jug\u00e9s et de ses peurs.<\/p><p class=\"has-black-color has-text-color\">Mon fr\u00e8re humain, je te parle d\u2019une\u00a0<em>Vie<\/em>\u00a0et d\u2019une esp\u00e9rance qui ont \u00e9t\u00e9 oubli\u00e9es quelque part dans le pass\u00e9, descendues et abandonn\u00e9es dans les caves du monde. Il est vital de commencer \u00e0 les remonter \u00e0 la surface, peu \u00e0 peu, fragment par fragment, bribe par bribe, pour les faire fr\u00e9mir puis exister sous le soleil.<\/p><p class=\"has-black-color has-text-color\">Mon fr\u00e8re humain, je te propose de rendre \u00e0 la Terre sa nature sacr\u00e9e,\u00a0<em>l\u2019escabeau des Pieds<\/em>\u00a0de Dieu,\u00a0<em>l\u2019escabeau de nos pieds d\u2019Enfants<\/em>\u00a0du Cr\u00e9ateur. Je te propose d\u2019engendrer une nouvelle civilisation.<\/p>\t\t\t\t\t\t\t\t<\/div>\n\t\t\t\t<\/div>\n\t\t\t\t\t<\/div>\n\t\t\t\t<\/div>\n\t\t\t\t<\/div>\n\t\t","protected":false},"excerpt":{"rendered":"<p>De par notre origine, nous avons le pouvoir de redonner VIE \u00e0 l\u2019\u00catre (Dieu) qui vit en chacun de nous. Nous sommes les\u00a0images et ressemblances\u00a0de cette\u00a0Vie\u00a0qui est dans l\u2019espace infini, sur terre, comme dans les galaxies innombrables. Elle est le\u00a0Souffle,\u00a0le\u00a0Vent,\u00a0la\u00a0Puissance,\u00a0la\u00a0Saintet\u00e9\u00a0et la\u00a0Lumi\u00e8re,\u00a0et nous aussi sommes les\u00a0reflets (R\u00e9v d\u2019Ar\u00e8s, 27\/6)\u00a0par milliards de tout \u00e7a. Notre nature, \u00e9troitement [&hellip;]<\/p>\n","protected":false},"author":1,"featured_media":0,"comment_status":"closed","ping_status":"open","sticky":false,"template":"","format":"video","meta":{"_monsterinsights_skip_tracking":false,"_monsterinsights_sitenote_active":false,"_monsterinsights_sitenote_note":"","_monsterinsights_sitenote_category":0,"footnotes":""},"categories":[84],"tags":[],"class_list":["post-4336","post","type-post","status-publish","format-video","hentry","category-unicite","post_format-post-format-video"],"aioseo_notices":[],"_links":{"self":[{"href":"https:\/\/blog.eauforte.org\/index.php\/wp-json\/wp\/v2\/posts\/4336","targetHints":{"allow":["GET"]}}],"collection":[{"href":"https:\/\/blog.eauforte.org\/index.php\/wp-json\/wp\/v2\/posts"}],"about":[{"href":"https:\/\/blog.eauforte.org\/index.php\/wp-json\/wp\/v2\/types\/post"}],"author":[{"embeddable":true,"href":"https:\/\/blog.eauforte.org\/index.php\/wp-json\/wp\/v2\/users\/1"}],"replies":[{"embeddable":true,"href":"https:\/\/blog.eauforte.org\/index.php\/wp-json\/wp\/v2\/comments?post=4336"}],"version-history":[{"count":4,"href":"https:\/\/blog.eauforte.org\/index.php\/wp-json\/wp\/v2\/posts\/4336\/revisions"}],"predecessor-version":[{"id":4340,"href":"https:\/\/blog.eauforte.org\/index.php\/wp-json\/wp\/v2\/posts\/4336\/revisions\/4340"}],"wp:attachment":[{"href":"https:\/\/blog.eauforte.org\/index.php\/wp-json\/wp\/v2\/media?parent=4336"}],"wp:term":[{"taxonomy":"category","embeddable":true,"href":"https:\/\/blog.eauforte.org\/index.php\/wp-json\/wp\/v2\/categories?post=4336"},{"taxonomy":"post_tag","embeddable":true,"href":"https:\/\/blog.eauforte.org\/index.php\/wp-json\/wp\/v2\/tags?post=4336"}],"curies":[{"name":"wp","href":"https:\/\/api.w.org\/{rel}","templated":true}]}}